{"id":23117,"date":"2025-01-10T01:07:21","date_gmt":"2025-01-10T01:07:21","guid":{"rendered":"https:\/\/immigrationcur.org\/?p=23117"},"modified":"2025-01-10T01:07:21","modified_gmt":"2025-01-10T01:07:21","slug":"servisio-di-atmishon-ku-dos-dia-ku-kambio-den-orario","status":"publish","type":"post","link":"https:\/\/www.immigrationcur.org\/pap\/servisio-di-atmishon-ku-dos-dia-ku-kambio-den-orario\/","title":{"rendered":"Servisio di Atmishon ku dos dia ku kambio den orario"},"content":{"rendered":"<h2><strong>Servisio di Atmishon ku dos dia ku kambio den orario<\/strong><\/h2>\n<p>Willemstad \u2013 Servisio di Atmishon ta inform\u00e1 ku su balinan na Punda i tambe na Lok\u00e8t di P\u00e8rmit Sali\u00f1a ta sera 12 or di m\u00e8rdia pa p\u00fabliko riba djaluna 13 di yan\u00fcari 2025. Riba djabi\u00e8rn\u00e8 17 di yan\u00fcari 2025 Servisio di Atmishon (Punda i Sali\u00f1a) lo ta ser\u00e1 henter dia pa p\u00fabliko, den kuadro di un seshon pa empleado.<\/p>\n<p>Tur kliente ku tin un sita riba djaluna 13 di yan\u00fcari 2025 a risib\u00ed un yamada \u00f2f e-mail pa un sita nobo.<\/p>\n<p>Servisio di Atmishon ta pidi pa tuma bon nota di e kambio aki ku ta b\u00e1lido pa e dos dianan aki so. Alabes ta gradis\u00ed su klientenan pa e komprenshon i ta sigui traha pa brinda e servisio kustumbr\u00e1.<\/p>\n","protected":false},"excerpt":{"rendered":"<p>Servisio di Atmishon ku dos dia ku kambio den orario Willemstad \u2013 Servisio di Atmishon ta inform\u00e1 ku su balinan na Punda i tambe na Lok\u00e8t di P\u00e8rmit Sali\u00f1a ta sera 12 or di m\u00e8rdia pa p\u00fabliko riba djaluna 13 di yan\u00fcari 2025. Riba djabi\u00e8rn\u00e8 17 di yan\u00fcari 2025 Servisio di Atmishon (Punda i Sali\u00f1a) [&hellip;]<\/p>\n","protected":false},"author":5,"featured_media":23121,"comment_status":"closed","ping_status":"open","sticky":false,"template":"","format":"standard","meta":{"_acf_changed":false,"_jetpack_memberships_contains_paid_content":false,"footnotes":""},"categories":[160],"tags":[],"class_list":["post-23117","post","type-post","status-publish","format-standard","has-post-thumbnail","hentry","category-uncategorized-pap"],"acf":[],"yoast_head":"<!-- This site is optimized with the Yoast SEO plugin v27.5 - https:\/\/yoast.com\/product\/yoast-seo-wordpress\/ -->\n<title>Servisio di Atmishon ku dos dia ku kambio den orario - Immigratiedienst Cura\u00e7ao<\/title>\n<meta name=\"description\" content=\"Servisio di Atmishon ta inform\u00e1 ku esu balinan na Punda i tambe na Lok\u00e8t di P\u00e8rmit Sali\u00f1a ta sera 12 or m\u00e8rdia\" \/>\n<meta name=\"robots\" content=\"index, follow, max-snippet:-1, max-image-preview:large, max-video-preview:-1\" \/>\n<link rel=\"canonical\" href=\"https:\/\/www.immigrationcur.org\/pap\/servisio-di-atmishon-ku-dos-dia-ku-kambio-den-orario\/\" \/>\n<meta property=\"og:locale\" content=\"en_US\" \/>\n<meta property=\"og:type\" content=\"article\" \/>\n<meta property=\"og:title\" content=\"Servisio di Atmishon ku dos dia ku kambio den orario - Immigratiedienst Cura\u00e7ao\" \/>\n<meta property=\"og:description\" content=\"Servisio di Atmishon ta inform\u00e1 ku esu balinan na Punda i tambe na Lok\u00e8t di P\u00e8rmit Sali\u00f1a ta sera 12 or m\u00e8rdia\" \/>\n<meta property=\"og:url\" content=\"https:\/\/www.immigrationcur.org\/pap\/servisio-di-atmishon-ku-dos-dia-ku-kambio-den-orario\/\" \/>\n<meta property=\"og:site_name\" content=\"Immigratiedienst Cura\u00e7ao\" \/>\n<meta property=\"article:published_time\" content=\"2025-01-10T01:07:21+00:00\" \/>\n<meta property=\"og:image\" content=\"https:\/\/immigrationcur.org\/wp-content\/uploads\/2020\/07\/WE-ARE-CLOSED2.jpg\" \/>\n\t<meta property=\"og:image:width\" content=\"1920\" \/>\n\t<meta property=\"og:image:height\" content=\"1920\" \/>\n\t<meta property=\"og:image:type\" content=\"image\/jpeg\" \/>\n<meta name=\"author\" content=\"Jennifer.Ritfeld@immigrationcur.org\" \/>\n<meta name=\"twitter:card\" content=\"summary_large_image\" \/>\n<meta name=\"twitter:label1\" content=\"Written by\" \/>\n\t<meta name=\"twitter:data1\" content=\"Jennifer.Ritfeld@immigrationcur.org\" \/>\n\t<meta name=\"twitter:label2\" content=\"Est. reading time\" \/>\n\t<meta name=\"twitter:data2\" content=\"1 minute\" \/>\n<script type=\"application\/ld+json\" class=\"yoast-schema-graph\">{\"@context\":\"https:\\\/\\\/schema.org\",\"@graph\":[{\"@type\":\"Article\",\"@id\":\"https:\\\/\\\/www.immigrationcur.org\\\/pap\\\/servisio-di-atmishon-ku-dos-dia-ku-kambio-den-orario\\\/#article\",\"isPartOf\":{\"@id\":\"https:\\\/\\\/www.immigrationcur.org\\\/pap\\\/servisio-di-atmishon-ku-dos-dia-ku-kambio-den-orario\\\/\"},\"author\":{\"name\":\"Jennifer.Ritfeld@immigrationcur.org\",\"@id\":\"https:\\\/\\\/immigrationcur.org\\\/pap\\\/#\\\/schema\\\/person\\\/0ca0ef3a0cf6d5140a69176a4a7c45e4\"},\"headline\":\"Servisio di Atmishon ku dos dia ku kambio den orario\",\"datePublished\":\"2025-01-10T01:07:21+00:00\",\"mainEntityOfPage\":{\"@id\":\"https:\\\/\\\/www.immigrationcur.org\\\/pap\\\/servisio-di-atmishon-ku-dos-dia-ku-kambio-den-orario\\\/\"},\"wordCount\":144,\"image\":{\"@id\":\"https:\\\/\\\/www.immigrationcur.org\\\/pap\\\/servisio-di-atmishon-ku-dos-dia-ku-kambio-den-orario\\\/#primaryimage\"},\"thumbnailUrl\":\"https:\\\/\\\/www.immigrationcur.org\\\/wp-content\\\/uploads\\\/2020\\\/07\\\/WE-ARE-CLOSED2.jpg\",\"articleSection\":[\"Uncategorized @pap\"],\"inLanguage\":\"pap-AW\"},{\"@type\":\"WebPage\",\"@id\":\"https:\\\/\\\/www.immigrationcur.org\\\/pap\\\/servisio-di-atmishon-ku-dos-dia-ku-kambio-den-orario\\\/\",\"url\":\"https:\\\/\\\/www.immigrationcur.org\\\/pap\\\/servisio-di-atmishon-ku-dos-dia-ku-kambio-den-orario\\\/\",\"name\":\"Servisio di Atmishon ku dos dia ku kambio den orario - Immigratiedienst Cura\u00e7ao\",\"isPartOf\":{\"@id\":\"https:\\\/\\\/immigrationcur.org\\\/pap\\\/#website\"},\"primaryImageOfPage\":{\"@id\":\"https:\\\/\\\/www.immigrationcur.org\\\/pap\\\/servisio-di-atmishon-ku-dos-dia-ku-kambio-den-orario\\\/#primaryimage\"},\"image\":{\"@id\":\"https:\\\/\\\/www.immigrationcur.org\\\/pap\\\/servisio-di-atmishon-ku-dos-dia-ku-kambio-den-orario\\\/#primaryimage\"},\"thumbnailUrl\":\"https:\\\/\\\/www.immigrationcur.org\\\/wp-content\\\/uploads\\\/2020\\\/07\\\/WE-ARE-CLOSED2.jpg\",\"datePublished\":\"2025-01-10T01:07:21+00:00\",\"author\":{\"@id\":\"https:\\\/\\\/immigrationcur.org\\\/pap\\\/#\\\/schema\\\/person\\\/0ca0ef3a0cf6d5140a69176a4a7c45e4\"},\"description\":\"Servisio di Atmishon ta inform\u00e1 ku esu balinan na Punda i tambe na Lok\u00e8t di P\u00e8rmit Sali\u00f1a ta sera 12 or m\u00e8rdia\",\"breadcrumb\":{\"@id\":\"https:\\\/\\\/www.immigrationcur.org\\\/pap\\\/servisio-di-atmishon-ku-dos-dia-ku-kambio-den-orario\\\/#breadcrumb\"},\"inLanguage\":\"pap-AW\",\"potentialAction\":[{\"@type\":\"ReadAction\",\"target\":[\"https:\\\/\\\/www.immigrationcur.org\\\/pap\\\/servisio-di-atmishon-ku-dos-dia-ku-kambio-den-orario\\\/\"]}]},{\"@type\":\"ImageObject\",\"inLanguage\":\"pap-AW\",\"@id\":\"https:\\\/\\\/www.immigrationcur.org\\\/pap\\\/servisio-di-atmishon-ku-dos-dia-ku-kambio-den-orario\\\/#primaryimage\",\"url\":\"https:\\\/\\\/www.immigrationcur.org\\\/wp-content\\\/uploads\\\/2020\\\/07\\\/WE-ARE-CLOSED2.jpg\",\"contentUrl\":\"https:\\\/\\\/www.immigrationcur.org\\\/wp-content\\\/uploads\\\/2020\\\/07\\\/WE-ARE-CLOSED2.jpg\",\"width\":1920,\"height\":1920},{\"@type\":\"BreadcrumbList\",\"@id\":\"https:\\\/\\\/www.immigrationcur.org\\\/pap\\\/servisio-di-atmishon-ku-dos-dia-ku-kambio-den-orario\\\/#breadcrumb\",\"itemListElement\":[{\"@type\":\"ListItem\",\"position\":1,\"name\":\"Pagina sentral\",\"item\":\"https:\\\/\\\/immigrationcur.org\\\/pap\\\/\"},{\"@type\":\"ListItem\",\"position\":2,\"name\":\"Servisio di Atmishon ku dos dia ku kambio den orario\"}]},{\"@type\":\"WebSite\",\"@id\":\"https:\\\/\\\/immigrationcur.org\\\/pap\\\/#website\",\"url\":\"https:\\\/\\\/immigrationcur.org\\\/pap\\\/\",\"name\":\"Immigratiedienst Cura\u00e7ao\",\"description\":\"De Toelatingsorganisatie (TO) behandelt aanvragen van personen die zich voor een korte of langere periode op Cura\u00e7ao willen verblijven.\",\"potentialAction\":[{\"@type\":\"SearchAction\",\"target\":{\"@type\":\"EntryPoint\",\"urlTemplate\":\"https:\\\/\\\/immigrationcur.org\\\/pap\\\/?s={search_term_string}\"},\"query-input\":{\"@type\":\"PropertyValueSpecification\",\"valueRequired\":true,\"valueName\":\"search_term_string\"}}],\"inLanguage\":\"pap-AW\"},{\"@type\":\"Person\",\"@id\":\"https:\\\/\\\/immigrationcur.org\\\/pap\\\/#\\\/schema\\\/person\\\/0ca0ef3a0cf6d5140a69176a4a7c45e4\",\"name\":\"Jennifer.Ritfeld@immigrationcur.org\",\"image\":{\"@type\":\"ImageObject\",\"inLanguage\":\"pap-AW\",\"@id\":\"https:\\\/\\\/secure.gravatar.com\\\/avatar\\\/3ef188cbfb5acd440c97597ea31f5ab9f49874ee2fb2bc08c09142e5f17b7d8c?s=96&d=mm&r=g\",\"url\":\"https:\\\/\\\/secure.gravatar.com\\\/avatar\\\/3ef188cbfb5acd440c97597ea31f5ab9f49874ee2fb2bc08c09142e5f17b7d8c?s=96&d=mm&r=g\",\"contentUrl\":\"https:\\\/\\\/secure.gravatar.com\\\/avatar\\\/3ef188cbfb5acd440c97597ea31f5ab9f49874ee2fb2bc08c09142e5f17b7d8c?s=96&d=mm&r=g\",\"caption\":\"Jennifer.Ritfeld@immigrationcur.org\"},\"url\":\"https:\\\/\\\/www.immigrationcur.org\\\/pap\\\/author\\\/jennifer-ritfeldimmigrationcur-org\\\/\"}]}<\/script>\n<!-- \/ Yoast SEO plugin. -->","yoast_head_json":{"title":"Servisio di Atmishon ku dos dia ku kambio den orario - Immigratiedienst Cura\u00e7ao","description":"Servisio di Atmishon ta inform\u00e1 ku esu balinan na Punda i tambe na Lok\u00e8t di P\u00e8rmit Sali\u00f1a ta sera 12 or m\u00e8rdia","robots":{"index":"index","follow":"follow","max-snippet":"max-snippet:-1","max-image-preview":"max-image-preview:large","max-video-preview":"max-video-preview:-1"},"canonical":"https:\/\/www.immigrationcur.org\/pap\/servisio-di-atmishon-ku-dos-dia-ku-kambio-den-orario\/","og_locale":"en_US","og_type":"article","og_title":"Servisio di Atmishon ku dos dia ku kambio den orario - Immigratiedienst Cura\u00e7ao","og_description":"Servisio di Atmishon ta inform\u00e1 ku esu balinan na Punda i tambe na Lok\u00e8t di P\u00e8rmit Sali\u00f1a ta sera 12 or m\u00e8rdia","og_url":"https:\/\/www.immigrationcur.org\/pap\/servisio-di-atmishon-ku-dos-dia-ku-kambio-den-orario\/","og_site_name":"Immigratiedienst Cura\u00e7ao","article_published_time":"2025-01-10T01:07:21+00:00","og_image":[{"width":1920,"height":1920,"url":"https:\/\/immigrationcur.org\/wp-content\/uploads\/2020\/07\/WE-ARE-CLOSED2.jpg","type":"image\/jpeg"}],"author":"Jennifer.Ritfeld@immigrationcur.org","twitter_card":"summary_large_image","twitter_misc":{"Written by":"Jennifer.Ritfeld@immigrationcur.org","Est. reading time":"1 minute"},"schema":{"@context":"https:\/\/schema.org","@graph":[{"@type":"Article","@id":"https:\/\/www.immigrationcur.org\/pap\/servisio-di-atmishon-ku-dos-dia-ku-kambio-den-orario\/#article","isPartOf":{"@id":"https:\/\/www.immigrationcur.org\/pap\/servisio-di-atmishon-ku-dos-dia-ku-kambio-den-orario\/"},"author":{"name":"Jennifer.Ritfeld@immigrationcur.org","@id":"https:\/\/immigrationcur.org\/pap\/#\/schema\/person\/0ca0ef3a0cf6d5140a69176a4a7c45e4"},"headline":"Servisio di Atmishon ku dos dia ku kambio den orario","datePublished":"2025-01-10T01:07:21+00:00","mainEntityOfPage":{"@id":"https:\/\/www.immigrationcur.org\/pap\/servisio-di-atmishon-ku-dos-dia-ku-kambio-den-orario\/"},"wordCount":144,"image":{"@id":"https:\/\/www.immigrationcur.org\/pap\/servisio-di-atmishon-ku-dos-dia-ku-kambio-den-orario\/#primaryimage"},"thumbnailUrl":"https:\/\/www.immigrationcur.org\/wp-content\/uploads\/2020\/07\/WE-ARE-CLOSED2.jpg","articleSection":["Uncategorized @pap"],"inLanguage":"pap-AW"},{"@type":"WebPage","@id":"https:\/\/www.immigrationcur.org\/pap\/servisio-di-atmishon-ku-dos-dia-ku-kambio-den-orario\/","url":"https:\/\/www.immigrationcur.org\/pap\/servisio-di-atmishon-ku-dos-dia-ku-kambio-den-orario\/","name":"Servisio di Atmishon ku dos dia ku kambio den orario - Immigratiedienst Cura\u00e7ao","isPartOf":{"@id":"https:\/\/immigrationcur.org\/pap\/#website"},"primaryImageOfPage":{"@id":"https:\/\/www.immigrationcur.org\/pap\/servisio-di-atmishon-ku-dos-dia-ku-kambio-den-orario\/#primaryimage"},"image":{"@id":"https:\/\/www.immigrationcur.org\/pap\/servisio-di-atmishon-ku-dos-dia-ku-kambio-den-orario\/#primaryimage"},"thumbnailUrl":"https:\/\/www.immigrationcur.org\/wp-content\/uploads\/2020\/07\/WE-ARE-CLOSED2.jpg","datePublished":"2025-01-10T01:07:21+00:00","author":{"@id":"https:\/\/immigrationcur.org\/pap\/#\/schema\/person\/0ca0ef3a0cf6d5140a69176a4a7c45e4"},"description":"Servisio di Atmishon ta inform\u00e1 ku esu balinan na Punda i tambe na Lok\u00e8t di P\u00e8rmit Sali\u00f1a ta sera 12 or m\u00e8rdia","breadcrumb":{"@id":"https:\/\/www.immigrationcur.org\/pap\/servisio-di-atmishon-ku-dos-dia-ku-kambio-den-orario\/#breadcrumb"},"inLanguage":"pap-AW","potentialAction":[{"@type":"ReadAction","target":["https:\/\/www.immigrationcur.org\/pap\/servisio-di-atmishon-ku-dos-dia-ku-kambio-den-orario\/"]}]},{"@type":"ImageObject","inLanguage":"pap-AW","@id":"https:\/\/www.immigrationcur.org\/pap\/servisio-di-atmishon-ku-dos-dia-ku-kambio-den-orario\/#primaryimage","url":"https:\/\/www.immigrationcur.org\/wp-content\/uploads\/2020\/07\/WE-ARE-CLOSED2.jpg","contentUrl":"https:\/\/www.immigrationcur.org\/wp-content\/uploads\/2020\/07\/WE-ARE-CLOSED2.jpg","width":1920,"height":1920},{"@type":"BreadcrumbList","@id":"https:\/\/www.immigrationcur.org\/pap\/servisio-di-atmishon-ku-dos-dia-ku-kambio-den-orario\/#breadcrumb","itemListElement":[{"@type":"ListItem","position":1,"name":"Pagina sentral","item":"https:\/\/immigrationcur.org\/pap\/"},{"@type":"ListItem","position":2,"name":"Servisio di Atmishon ku dos dia ku kambio den orario"}]},{"@type":"WebSite","@id":"https:\/\/immigrationcur.org\/pap\/#website","url":"https:\/\/immigrationcur.org\/pap\/","name":"Immigratiedienst Cura\u00e7ao","description":"De Toelatingsorganisatie (TO) behandelt aanvragen van personen die zich voor een korte of langere periode op Cura\u00e7ao willen verblijven.","potentialAction":[{"@type":"SearchAction","target":{"@type":"EntryPoint","urlTemplate":"https:\/\/immigrationcur.org\/pap\/?s={search_term_string}"},"query-input":{"@type":"PropertyValueSpecification","valueRequired":true,"valueName":"search_term_string"}}],"inLanguage":"pap-AW"},{"@type":"Person","@id":"https:\/\/immigrationcur.org\/pap\/#\/schema\/person\/0ca0ef3a0cf6d5140a69176a4a7c45e4","name":"Jennifer.Ritfeld@immigrationcur.org","image":{"@type":"ImageObject","inLanguage":"pap-AW","@id":"https:\/\/secure.gravatar.com\/avatar\/3ef188cbfb5acd440c97597ea31f5ab9f49874ee2fb2bc08c09142e5f17b7d8c?s=96&d=mm&r=g","url":"https:\/\/secure.gravatar.com\/avatar\/3ef188cbfb5acd440c97597ea31f5ab9f49874ee2fb2bc08c09142e5f17b7d8c?s=96&d=mm&r=g","contentUrl":"https:\/\/secure.gravatar.com\/avatar\/3ef188cbfb5acd440c97597ea31f5ab9f49874ee2fb2bc08c09142e5f17b7d8c?s=96&d=mm&r=g","caption":"Jennifer.Ritfeld@immigrationcur.org"},"url":"https:\/\/www.immigrationcur.org\/pap\/author\/jennifer-ritfeldimmigrationcur-org\/"}]}},"jetpack_featured_media_url":"https:\/\/www.immigrationcur.org\/wp-content\/uploads\/2020\/07\/WE-ARE-CLOSED2.jpg","jetpack_sharing_enabled":true,"_links":{"self":[{"href":"https:\/\/www.immigrationcur.org\/pap\/wp-json\/wp\/v2\/posts\/23117","targetHints":{"allow":["GET"]}}],"collection":[{"href":"https:\/\/www.immigrationcur.org\/pap\/wp-json\/wp\/v2\/posts"}],"about":[{"href":"https:\/\/www.immigrationcur.org\/pap\/wp-json\/wp\/v2\/types\/post"}],"author":[{"embeddable":true,"href":"https:\/\/www.immigrationcur.org\/pap\/wp-json\/wp\/v2\/users\/5"}],"replies":[{"embeddable":true,"href":"https:\/\/www.immigrationcur.org\/pap\/wp-json\/wp\/v2\/comments?post=23117"}],"version-history":[{"count":2,"href":"https:\/\/www.immigrationcur.org\/pap\/wp-json\/wp\/v2\/posts\/23117\/revisions"}],"predecessor-version":[{"id":23123,"href":"https:\/\/www.immigrationcur.org\/pap\/wp-json\/wp\/v2\/posts\/23117\/revisions\/23123"}],"wp:featuredmedia":[{"embeddable":true,"href":"https:\/\/www.immigrationcur.org\/pap\/wp-json\/wp\/v2\/media\/23121"}],"wp:attachment":[{"href":"https:\/\/www.immigrationcur.org\/pap\/wp-json\/wp\/v2\/media?parent=23117"}],"wp:term":[{"taxonomy":"category","embeddable":true,"href":"https:\/\/www.immigrationcur.org\/pap\/wp-json\/wp\/v2\/categories?post=23117"},{"taxonomy":"post_tag","embeddable":true,"href":"https:\/\/www.immigrationcur.org\/pap\/wp-json\/wp\/v2\/tags?post=23117"}],"curies":[{"name":"wp","href":"https:\/\/api.w.org\/{rel}","templated":true}]}}