{"id":25404,"date":"2025-07-08T01:55:41","date_gmt":"2025-07-08T01:55:41","guid":{"rendered":"https:\/\/immigrationcur.org\/?p=25404"},"modified":"2025-07-08T01:55:41","modified_gmt":"2025-07-08T01:55:41","slug":"servisio-di-atmishon-ku-lokalidat-temporal-pa-otorga-permit-2","status":"publish","type":"post","link":"https:\/\/www.immigrationcur.org\/pap\/servisio-di-atmishon-ku-lokalidat-temporal-pa-otorga-permit-2\/","title":{"rendered":"Servisio di Atmishon ku lokalidat temporal pa otorg\u00e1 p\u00e8rmit"},"content":{"rendered":"<h2><strong>Servisio di Atmishon ku lokalidat temporal pa otorg\u00e1 p\u00e8rmit<\/strong><\/h2>\n<p style=\"text-align: left;\">Willemstad &#8211; Servisio di Atmishon ta inform\u00e1 ku entrante <strong>djaluna 14 di y\u00fcli 2025<\/strong> su balinan pa otorgamentu di t\u00edtulo di residensia (st\u00e8mpel den pasport) lo no ta ubik\u00e1 mas na Lok\u00e8t di P\u00e8rmit na Sali\u00f1a 127. Esaki ta nifik\u00e1 ku tur kliente ku tin un sita pa tuma st\u00e8mpel den pasport mester akud\u00ed na Kranshi, Roodeweg 42, den e edifisio kaminda antes tabata traha reibeweis.<\/p>\n<p>E trabounan di remodelashon na Servisio di Atmishon ta andando ainda. E periodo di kual Lok\u00e8t di P\u00e8rmit tabata disponel pa Servisio di Atmishon a termin\u00e1. Pa por sigui brinda servisio na kliente, Servisio di Atmishon lo ta temporalmente ubik\u00e1 na Kranshi.<\/p>\n<p>E adaptashon di lokalidat ta solamente pa klientenan ku tin un sita pa tuma st\u00e8mpel, voucher di restitushon, prueba di regreso, baimentu definitivo i prolongashon di estadia tur\u00edstiko. Temporalmente no por duna informashon personalmente na kliente. Pa tur informashon por manda un e-mail na info@immigrationcur.org \u00f2f un mensahe na Facebook i Instagram Admission Office Cura\u00e7ao.<\/p>\n<p>Servisio di Atmishon a pone dos number di telef\u00f2n disponibel pa hasi informashon. E numbernan di telef\u00f2n ta 733-2081 i 7333-2083. Por yama e dos numbernan aki di <strong>djaluna pa djaweps di 8:00 am pa 12:00 pm. <\/strong>E numbernan aki ta <strong>temporalmente <\/strong>disponibel te na momentu ku muda b\u00e8k pa Punda. Na momentu ku muda e numbernan aki lo <strong>no <\/strong>ta aksesibel mas pa p\u00fabliko.<\/p>\n<p>Klientenan ku mester di un sita ta traha esaki via di w\u00e8psait www.immigrationcur.org. Tur korespondensia (p\u00f2st) pa Servisio di Atmishon, por keda entreg\u00e1 tambe na Krashi (edifisio kaminda antes tabata traha reibeweis) durante orario pa p\u00fabliko. Orario pa p\u00fabliko ta di djaluna pa djaweps di 8:00 am pa 3:00 pm i djabi\u00e8rn\u00e8 di 8:00 am pa 12:00 pm.<\/p>\n<p>Servisio di Atmishon ta pidi pa tuma bon nota di e kambio. Alabes ta gradis\u00ed su klientenan pa e komprenshon i ta sigui traha pa brinda e servisio kustumbr\u00e1.<\/p>\n<p>&nbsp;<\/p>\n<p>&nbsp;<\/p>\n<p>&nbsp;<\/p>\n<p>&nbsp;<\/p>\n","protected":false},"excerpt":{"rendered":"<p>Ramen graphical user interface stealth. Deployment buyer lean startup network effects mass market<br \/>\ntechnology angel investor holy grail conversion. Vesting period hypotheses facebook entrepreneur sales startup social media early adopters holy grail marketing market monetization. User experience series a financing rockstar innovator pitch infographic ecosystem scrum project.<\/p>\n","protected":false},"author":5,"featured_media":25416,"comment_status":"closed","ping_status":"closed","sticky":false,"template":"","format":"standard","meta":{"_acf_changed":false,"_jetpack_memberships_contains_paid_content":false,"footnotes":""},"categories":[161],"tags":[162],"class_list":["post-25404","post","type-post","status-publish","format-standard","has-post-thumbnail","hentry","category-toelating-pap","tag-toelatingsorganisatie-pap"],"acf":[],"yoast_head":"<!-- This site is optimized with the Yoast SEO plugin v27.5 - https:\/\/yoast.com\/product\/yoast-seo-wordpress\/ -->\n<title>Servisio di Atmishon ku lokalidat temporal pa otorg\u00e1 p\u00e8rmit<\/title>\n<meta name=\"description\" content=\"Servisio di Atmishon ta inform\u00e1 ku entrante djaluna 14 di y\u00fcli 2025\" \/>\n<meta name=\"robots\" content=\"index, follow, max-snippet:-1, max-image-preview:large, max-video-preview:-1\" \/>\n<link rel=\"canonical\" href=\"https:\/\/www.immigrationcur.org\/pap\/servisio-di-atmishon-ku-lokalidat-temporal-pa-otorga-permit-2\/\" \/>\n<meta property=\"og:locale\" content=\"en_US\" \/>\n<meta property=\"og:type\" content=\"article\" \/>\n<meta property=\"og:title\" content=\"Servisio di Atmishon ku lokalidat temporal pa otorg\u00e1 p\u00e8rmit\" \/>\n<meta property=\"og:description\" content=\"Servisio di Atmishon ta inform\u00e1 ku entrante djaluna 14 di y\u00fcli 2025\" \/>\n<meta property=\"og:url\" content=\"https:\/\/www.immigrationcur.org\/pap\/servisio-di-atmishon-ku-lokalidat-temporal-pa-otorga-permit-2\/\" \/>\n<meta property=\"og:site_name\" content=\"Immigratiedienst Cura\u00e7ao\" \/>\n<meta property=\"article:published_time\" content=\"2025-07-08T01:55:41+00:00\" \/>\n<meta property=\"og:image\" content=\"https:\/\/immigrationcur.org\/wp-content\/uploads\/2020\/07\/TO_FB_20250707-PARTISIPASHON-PAP-copy.jpg\" \/>\n\t<meta property=\"og:image:width\" content=\"1920\" \/>\n\t<meta property=\"og:image:height\" content=\"1920\" \/>\n\t<meta property=\"og:image:type\" content=\"image\/jpeg\" \/>\n<meta name=\"author\" content=\"Jennifer.Ritfeld@immigrationcur.org\" \/>\n<meta name=\"twitter:card\" content=\"summary_large_image\" \/>\n<meta name=\"twitter:label1\" content=\"Written by\" \/>\n\t<meta name=\"twitter:data1\" content=\"Jennifer.Ritfeld@immigrationcur.org\" \/>\n\t<meta name=\"twitter:label2\" content=\"Est. reading time\" \/>\n\t<meta name=\"twitter:data2\" content=\"2 minutes\" \/>\n<script type=\"application\/ld+json\" class=\"yoast-schema-graph\">{\"@context\":\"https:\\\/\\\/schema.org\",\"@graph\":[{\"@type\":\"Article\",\"@id\":\"https:\\\/\\\/www.immigrationcur.org\\\/pap\\\/servisio-di-atmishon-ku-lokalidat-temporal-pa-otorga-permit-2\\\/#article\",\"isPartOf\":{\"@id\":\"https:\\\/\\\/www.immigrationcur.org\\\/pap\\\/servisio-di-atmishon-ku-lokalidat-temporal-pa-otorga-permit-2\\\/\"},\"author\":{\"name\":\"Jennifer.Ritfeld@immigrationcur.org\",\"@id\":\"https:\\\/\\\/immigrationcur.org\\\/pap\\\/#\\\/schema\\\/person\\\/0ca0ef3a0cf6d5140a69176a4a7c45e4\"},\"headline\":\"Servisio di Atmishon ku lokalidat temporal pa otorg\u00e1 p\u00e8rmit\",\"datePublished\":\"2025-07-08T01:55:41+00:00\",\"mainEntityOfPage\":{\"@id\":\"https:\\\/\\\/www.immigrationcur.org\\\/pap\\\/servisio-di-atmishon-ku-lokalidat-temporal-pa-otorga-permit-2\\\/\"},\"wordCount\":354,\"image\":{\"@id\":\"https:\\\/\\\/www.immigrationcur.org\\\/pap\\\/servisio-di-atmishon-ku-lokalidat-temporal-pa-otorga-permit-2\\\/#primaryimage\"},\"thumbnailUrl\":\"https:\\\/\\\/www.immigrationcur.org\\\/wp-content\\\/uploads\\\/2020\\\/07\\\/TO_FB_20250707-PARTISIPASHON-PAP-copy.jpg\",\"keywords\":[\"Toelatingsorganisatie\"],\"articleSection\":[\"Toelating\"],\"inLanguage\":\"pap-AW\"},{\"@type\":\"WebPage\",\"@id\":\"https:\\\/\\\/www.immigrationcur.org\\\/pap\\\/servisio-di-atmishon-ku-lokalidat-temporal-pa-otorga-permit-2\\\/\",\"url\":\"https:\\\/\\\/www.immigrationcur.org\\\/pap\\\/servisio-di-atmishon-ku-lokalidat-temporal-pa-otorga-permit-2\\\/\",\"name\":\"Servisio di Atmishon ku lokalidat temporal pa otorg\u00e1 p\u00e8rmit\",\"isPartOf\":{\"@id\":\"https:\\\/\\\/immigrationcur.org\\\/pap\\\/#website\"},\"primaryImageOfPage\":{\"@id\":\"https:\\\/\\\/www.immigrationcur.org\\\/pap\\\/servisio-di-atmishon-ku-lokalidat-temporal-pa-otorga-permit-2\\\/#primaryimage\"},\"image\":{\"@id\":\"https:\\\/\\\/www.immigrationcur.org\\\/pap\\\/servisio-di-atmishon-ku-lokalidat-temporal-pa-otorga-permit-2\\\/#primaryimage\"},\"thumbnailUrl\":\"https:\\\/\\\/www.immigrationcur.org\\\/wp-content\\\/uploads\\\/2020\\\/07\\\/TO_FB_20250707-PARTISIPASHON-PAP-copy.jpg\",\"datePublished\":\"2025-07-08T01:55:41+00:00\",\"author\":{\"@id\":\"https:\\\/\\\/immigrationcur.org\\\/pap\\\/#\\\/schema\\\/person\\\/0ca0ef3a0cf6d5140a69176a4a7c45e4\"},\"description\":\"Servisio di Atmishon ta inform\u00e1 ku entrante djaluna 14 di y\u00fcli 2025\",\"breadcrumb\":{\"@id\":\"https:\\\/\\\/www.immigrationcur.org\\\/pap\\\/servisio-di-atmishon-ku-lokalidat-temporal-pa-otorga-permit-2\\\/#breadcrumb\"},\"inLanguage\":\"pap-AW\",\"potentialAction\":[{\"@type\":\"ReadAction\",\"target\":[\"https:\\\/\\\/www.immigrationcur.org\\\/pap\\\/servisio-di-atmishon-ku-lokalidat-temporal-pa-otorga-permit-2\\\/\"]}]},{\"@type\":\"ImageObject\",\"inLanguage\":\"pap-AW\",\"@id\":\"https:\\\/\\\/www.immigrationcur.org\\\/pap\\\/servisio-di-atmishon-ku-lokalidat-temporal-pa-otorga-permit-2\\\/#primaryimage\",\"url\":\"https:\\\/\\\/www.immigrationcur.org\\\/wp-content\\\/uploads\\\/2020\\\/07\\\/TO_FB_20250707-PARTISIPASHON-PAP-copy.jpg\",\"contentUrl\":\"https:\\\/\\\/www.immigrationcur.org\\\/wp-content\\\/uploads\\\/2020\\\/07\\\/TO_FB_20250707-PARTISIPASHON-PAP-copy.jpg\",\"width\":1920,\"height\":1920},{\"@type\":\"BreadcrumbList\",\"@id\":\"https:\\\/\\\/www.immigrationcur.org\\\/pap\\\/servisio-di-atmishon-ku-lokalidat-temporal-pa-otorga-permit-2\\\/#breadcrumb\",\"itemListElement\":[{\"@type\":\"ListItem\",\"position\":1,\"name\":\"Pagina sentral\",\"item\":\"https:\\\/\\\/immigrationcur.org\\\/pap\\\/\"},{\"@type\":\"ListItem\",\"position\":2,\"name\":\"Servisio di Atmishon ku lokalidat temporal pa otorg\u00e1 p\u00e8rmit\"}]},{\"@type\":\"WebSite\",\"@id\":\"https:\\\/\\\/immigrationcur.org\\\/pap\\\/#website\",\"url\":\"https:\\\/\\\/immigrationcur.org\\\/pap\\\/\",\"name\":\"Immigratiedienst Cura\u00e7ao\",\"description\":\"De Toelatingsorganisatie (TO) behandelt aanvragen van personen die zich voor een korte of langere periode op Cura\u00e7ao willen verblijven.\",\"potentialAction\":[{\"@type\":\"SearchAction\",\"target\":{\"@type\":\"EntryPoint\",\"urlTemplate\":\"https:\\\/\\\/immigrationcur.org\\\/pap\\\/?s={search_term_string}\"},\"query-input\":{\"@type\":\"PropertyValueSpecification\",\"valueRequired\":true,\"valueName\":\"search_term_string\"}}],\"inLanguage\":\"pap-AW\"},{\"@type\":\"Person\",\"@id\":\"https:\\\/\\\/immigrationcur.org\\\/pap\\\/#\\\/schema\\\/person\\\/0ca0ef3a0cf6d5140a69176a4a7c45e4\",\"name\":\"Jennifer.Ritfeld@immigrationcur.org\",\"image\":{\"@type\":\"ImageObject\",\"inLanguage\":\"pap-AW\",\"@id\":\"https:\\\/\\\/secure.gravatar.com\\\/avatar\\\/3ef188cbfb5acd440c97597ea31f5ab9f49874ee2fb2bc08c09142e5f17b7d8c?s=96&d=mm&r=g\",\"url\":\"https:\\\/\\\/secure.gravatar.com\\\/avatar\\\/3ef188cbfb5acd440c97597ea31f5ab9f49874ee2fb2bc08c09142e5f17b7d8c?s=96&d=mm&r=g\",\"contentUrl\":\"https:\\\/\\\/secure.gravatar.com\\\/avatar\\\/3ef188cbfb5acd440c97597ea31f5ab9f49874ee2fb2bc08c09142e5f17b7d8c?s=96&d=mm&r=g\",\"caption\":\"Jennifer.Ritfeld@immigrationcur.org\"},\"url\":\"https:\\\/\\\/www.immigrationcur.org\\\/pap\\\/author\\\/jennifer-ritfeldimmigrationcur-org\\\/\"}]}<\/script>\n<!-- \/ Yoast SEO plugin. -->","yoast_head_json":{"title":"Servisio di Atmishon ku lokalidat temporal pa otorg\u00e1 p\u00e8rmit","description":"Servisio di Atmishon ta inform\u00e1 ku entrante djaluna 14 di y\u00fcli 2025","robots":{"index":"index","follow":"follow","max-snippet":"max-snippet:-1","max-image-preview":"max-image-preview:large","max-video-preview":"max-video-preview:-1"},"canonical":"https:\/\/www.immigrationcur.org\/pap\/servisio-di-atmishon-ku-lokalidat-temporal-pa-otorga-permit-2\/","og_locale":"en_US","og_type":"article","og_title":"Servisio di Atmishon ku lokalidat temporal pa otorg\u00e1 p\u00e8rmit","og_description":"Servisio di Atmishon ta inform\u00e1 ku entrante djaluna 14 di y\u00fcli 2025","og_url":"https:\/\/www.immigrationcur.org\/pap\/servisio-di-atmishon-ku-lokalidat-temporal-pa-otorga-permit-2\/","og_site_name":"Immigratiedienst Cura\u00e7ao","article_published_time":"2025-07-08T01:55:41+00:00","og_image":[{"width":1920,"height":1920,"url":"https:\/\/immigrationcur.org\/wp-content\/uploads\/2020\/07\/TO_FB_20250707-PARTISIPASHON-PAP-copy.jpg","type":"image\/jpeg"}],"author":"Jennifer.Ritfeld@immigrationcur.org","twitter_card":"summary_large_image","twitter_misc":{"Written by":"Jennifer.Ritfeld@immigrationcur.org","Est. reading time":"2 minutes"},"schema":{"@context":"https:\/\/schema.org","@graph":[{"@type":"Article","@id":"https:\/\/www.immigrationcur.org\/pap\/servisio-di-atmishon-ku-lokalidat-temporal-pa-otorga-permit-2\/#article","isPartOf":{"@id":"https:\/\/www.immigrationcur.org\/pap\/servisio-di-atmishon-ku-lokalidat-temporal-pa-otorga-permit-2\/"},"author":{"name":"Jennifer.Ritfeld@immigrationcur.org","@id":"https:\/\/immigrationcur.org\/pap\/#\/schema\/person\/0ca0ef3a0cf6d5140a69176a4a7c45e4"},"headline":"Servisio di Atmishon ku lokalidat temporal pa otorg\u00e1 p\u00e8rmit","datePublished":"2025-07-08T01:55:41+00:00","mainEntityOfPage":{"@id":"https:\/\/www.immigrationcur.org\/pap\/servisio-di-atmishon-ku-lokalidat-temporal-pa-otorga-permit-2\/"},"wordCount":354,"image":{"@id":"https:\/\/www.immigrationcur.org\/pap\/servisio-di-atmishon-ku-lokalidat-temporal-pa-otorga-permit-2\/#primaryimage"},"thumbnailUrl":"https:\/\/www.immigrationcur.org\/wp-content\/uploads\/2020\/07\/TO_FB_20250707-PARTISIPASHON-PAP-copy.jpg","keywords":["Toelatingsorganisatie"],"articleSection":["Toelating"],"inLanguage":"pap-AW"},{"@type":"WebPage","@id":"https:\/\/www.immigrationcur.org\/pap\/servisio-di-atmishon-ku-lokalidat-temporal-pa-otorga-permit-2\/","url":"https:\/\/www.immigrationcur.org\/pap\/servisio-di-atmishon-ku-lokalidat-temporal-pa-otorga-permit-2\/","name":"Servisio di Atmishon ku lokalidat temporal pa otorg\u00e1 p\u00e8rmit","isPartOf":{"@id":"https:\/\/immigrationcur.org\/pap\/#website"},"primaryImageOfPage":{"@id":"https:\/\/www.immigrationcur.org\/pap\/servisio-di-atmishon-ku-lokalidat-temporal-pa-otorga-permit-2\/#primaryimage"},"image":{"@id":"https:\/\/www.immigrationcur.org\/pap\/servisio-di-atmishon-ku-lokalidat-temporal-pa-otorga-permit-2\/#primaryimage"},"thumbnailUrl":"https:\/\/www.immigrationcur.org\/wp-content\/uploads\/2020\/07\/TO_FB_20250707-PARTISIPASHON-PAP-copy.jpg","datePublished":"2025-07-08T01:55:41+00:00","author":{"@id":"https:\/\/immigrationcur.org\/pap\/#\/schema\/person\/0ca0ef3a0cf6d5140a69176a4a7c45e4"},"description":"Servisio di Atmishon ta inform\u00e1 ku entrante djaluna 14 di y\u00fcli 2025","breadcrumb":{"@id":"https:\/\/www.immigrationcur.org\/pap\/servisio-di-atmishon-ku-lokalidat-temporal-pa-otorga-permit-2\/#breadcrumb"},"inLanguage":"pap-AW","potentialAction":[{"@type":"ReadAction","target":["https:\/\/www.immigrationcur.org\/pap\/servisio-di-atmishon-ku-lokalidat-temporal-pa-otorga-permit-2\/"]}]},{"@type":"ImageObject","inLanguage":"pap-AW","@id":"https:\/\/www.immigrationcur.org\/pap\/servisio-di-atmishon-ku-lokalidat-temporal-pa-otorga-permit-2\/#primaryimage","url":"https:\/\/www.immigrationcur.org\/wp-content\/uploads\/2020\/07\/TO_FB_20250707-PARTISIPASHON-PAP-copy.jpg","contentUrl":"https:\/\/www.immigrationcur.org\/wp-content\/uploads\/2020\/07\/TO_FB_20250707-PARTISIPASHON-PAP-copy.jpg","width":1920,"height":1920},{"@type":"BreadcrumbList","@id":"https:\/\/www.immigrationcur.org\/pap\/servisio-di-atmishon-ku-lokalidat-temporal-pa-otorga-permit-2\/#breadcrumb","itemListElement":[{"@type":"ListItem","position":1,"name":"Pagina sentral","item":"https:\/\/immigrationcur.org\/pap\/"},{"@type":"ListItem","position":2,"name":"Servisio di Atmishon ku lokalidat temporal pa otorg\u00e1 p\u00e8rmit"}]},{"@type":"WebSite","@id":"https:\/\/immigrationcur.org\/pap\/#website","url":"https:\/\/immigrationcur.org\/pap\/","name":"Immigratiedienst Cura\u00e7ao","description":"De Toelatingsorganisatie (TO) behandelt aanvragen van personen die zich voor een korte of langere periode op Cura\u00e7ao willen verblijven.","potentialAction":[{"@type":"SearchAction","target":{"@type":"EntryPoint","urlTemplate":"https:\/\/immigrationcur.org\/pap\/?s={search_term_string}"},"query-input":{"@type":"PropertyValueSpecification","valueRequired":true,"valueName":"search_term_string"}}],"inLanguage":"pap-AW"},{"@type":"Person","@id":"https:\/\/immigrationcur.org\/pap\/#\/schema\/person\/0ca0ef3a0cf6d5140a69176a4a7c45e4","name":"Jennifer.Ritfeld@immigrationcur.org","image":{"@type":"ImageObject","inLanguage":"pap-AW","@id":"https:\/\/secure.gravatar.com\/avatar\/3ef188cbfb5acd440c97597ea31f5ab9f49874ee2fb2bc08c09142e5f17b7d8c?s=96&d=mm&r=g","url":"https:\/\/secure.gravatar.com\/avatar\/3ef188cbfb5acd440c97597ea31f5ab9f49874ee2fb2bc08c09142e5f17b7d8c?s=96&d=mm&r=g","contentUrl":"https:\/\/secure.gravatar.com\/avatar\/3ef188cbfb5acd440c97597ea31f5ab9f49874ee2fb2bc08c09142e5f17b7d8c?s=96&d=mm&r=g","caption":"Jennifer.Ritfeld@immigrationcur.org"},"url":"https:\/\/www.immigrationcur.org\/pap\/author\/jennifer-ritfeldimmigrationcur-org\/"}]}},"jetpack_featured_media_url":"https:\/\/www.immigrationcur.org\/wp-content\/uploads\/2020\/07\/TO_FB_20250707-PARTISIPASHON-PAP-copy.jpg","jetpack_sharing_enabled":true,"_links":{"self":[{"href":"https:\/\/www.immigrationcur.org\/pap\/wp-json\/wp\/v2\/posts\/25404","targetHints":{"allow":["GET"]}}],"collection":[{"href":"https:\/\/www.immigrationcur.org\/pap\/wp-json\/wp\/v2\/posts"}],"about":[{"href":"https:\/\/www.immigrationcur.org\/pap\/wp-json\/wp\/v2\/types\/post"}],"author":[{"embeddable":true,"href":"https:\/\/www.immigrationcur.org\/pap\/wp-json\/wp\/v2\/users\/5"}],"replies":[{"embeddable":true,"href":"https:\/\/www.immigrationcur.org\/pap\/wp-json\/wp\/v2\/comments?post=25404"}],"version-history":[{"count":1,"href":"https:\/\/www.immigrationcur.org\/pap\/wp-json\/wp\/v2\/posts\/25404\/revisions"}],"predecessor-version":[{"id":25425,"href":"https:\/\/www.immigrationcur.org\/pap\/wp-json\/wp\/v2\/posts\/25404\/revisions\/25425"}],"wp:featuredmedia":[{"embeddable":true,"href":"https:\/\/www.immigrationcur.org\/pap\/wp-json\/wp\/v2\/media\/25416"}],"wp:attachment":[{"href":"https:\/\/www.immigrationcur.org\/pap\/wp-json\/wp\/v2\/media?parent=25404"}],"wp:term":[{"taxonomy":"category","embeddable":true,"href":"https:\/\/www.immigrationcur.org\/pap\/wp-json\/wp\/v2\/categories?post=25404"},{"taxonomy":"post_tag","embeddable":true,"href":"https:\/\/www.immigrationcur.org\/pap\/wp-json\/wp\/v2\/tags?post=25404"}],"curies":[{"name":"wp","href":"https:\/\/api.w.org\/{rel}","templated":true}]}}